{"id":486,"date":"2019-04-28T19:14:38","date_gmt":"2019-04-28T17:14:38","guid":{"rendered":"http:\/\/practicum-epce.recursos.uoc.edu\/?p=486"},"modified":"2019-07-11T22:22:19","modified_gmt":"2019-07-11T20:22:19","slug":"principio-17","status":"publish","type":"post","link":"http:\/\/practicum-epce.recursos.uoc.edu\/es\/principio-17\/","title":{"rendered":"Principio 17"},"content":{"rendered":"<div class=\"featured featured-blue\"><p><strong>Principio\u00a0 de calidad 17<\/strong>. Desde cada programa se trabaja de manera coordinada con el GOSPyM para asegurar la <strong>gesti\u00f3n correcta del proceso de solicitud y matr\u00edcula del\u00a0Pr\u00e1cticum<\/strong> y, en el caso de las pr\u00e1cticas externas, la <strong>firma del convenio de cooperaci\u00f3n educativa<\/strong> antes del inicio del semestre lectivo.<\/p>\n<\/div>\n<h2><strong>Orientaciones y recomendaciones<\/strong><\/h2>\n<p>La comisi\u00f3n de pr\u00e1cticas de cada programa trabaja en coordinaci\u00f3n con los diferentes grupos de la universidad (en especial con el GOSPyM) implicados en la solicitud y matr\u00edcula de las asignaturas de Pr\u00e1cticum. Esto supone, como m\u00ednimo:<\/p>\n<ul>\n<li>El establecimiento de los mecanismos, frecuencia y espacios de coordinaci\u00f3n presencial o virtual necesarios para asegurar una gesti\u00f3n correcta de todo el proceso (con los tutores de programa por un lado y el GOSPyM por el otro).<\/li>\n<li>La elaboraci\u00f3n del calendario de gesti\u00f3n de la solicitud y matr\u00edcula de las pr\u00e1cticas para todos los implicados (estudiantes, tutores programa, centros de pr\u00e1cticas, PRA, TGP, GOSPyM).<\/li>\n<li>La creaci\u00f3n y configuraci\u00f3n de la convocatoria de solicitud y matr\u00edcula de pr\u00e1cticas a\u00a0Xperience.<\/li>\n<li>La coordinaci\u00f3n y formaci\u00f3n del equipo de tutores del programa implicados, con la supervisi\u00f3n del DP.<\/li>\n<\/ul>\n<div class=\"featured featured-grey\"><p>En el caso de los centros que dispongan de un convenio marco con la UOC, no habr\u00e1 que firmar un convenio de cooperaci\u00f3n educativa para formalizar las pr\u00e1cticas de cada estudiante, sino un protocolo de adhesi\u00f3n.<\/p>\n<\/div>\n<h2><strong>Pregunta gu\u00eda<\/strong><\/h2>\n<ol>\n<li>\u00bfQu\u00e9 mecanismos son necesarios para garantizar una coordinaci\u00f3n correcta entre los diferentes grupos y agentes implicados en la gesti\u00f3n de la solicitud y matr\u00edcula de las pr\u00e1cticas?<\/li>\n<\/ol>\n<h2><strong>Recursos<\/strong><\/h2>\n<p>Ejemplos de calendario de gesti\u00f3n del proceso de solicitud y matr\u00edcula del Pr\u00e1cticum:<\/p>\n<ul>\n<li><a href=\"\/wp-content\/uploads\/2019\/05\/Exemple_calendari_1_M_Psicopedagogia.pdf\" target=\"_blank\" rel=\"noopener noreferrer\">Modelo calendario 1<\/a>.<\/li>\n<li><a href=\"\/wp-content\/uploads\/2019\/05\/Exemple_calendari_2_M_Psicopedagogia.pdf\" target=\"_blank\" rel=\"noopener noreferrer\">Modelo calendario 2<\/a>.<\/li>\n<li><a href=\"\/wp-content\/uploads\/2019\/05\/CALENDARI_20182_MUETIC.pdf\" target=\"_blank\" rel=\"noopener noreferrer\">Modelo calendario 3<\/a>.<\/li>\n<li><a href=\"\/wp-content\/uploads\/2019\/07\/CALENDARI_PRACTICUM_PSICOPEDAGOGIA.pdf\" target=\"_blank\" rel=\"noopener noreferrer\">Modelo calendario 4<\/a>.<\/li>\n<\/ul>\n<p><a href=\"\/wp-content\/uploads\/2019\/07\/Protocolo_de_solicitud_de_Practicas_ESP_MU_Psicopedagogia.pdf\" target=\"_blank\" rel=\"noopener noreferrer\">Protocolo de solicitud y matr\u00edcula de Pr\u00e1cticas y TFM<\/a> dirigido a estudiantes y para el seguimiento de los tutores.<\/p>\n<p><a href=\"\/wp-content\/uploads\/2019\/05\/Protocol_sol-licitud_matriculacio_20182_CAT-1.pdf\" target=\"_blank\" rel=\"noopener noreferrer\">Protocol de sol\u00b7licitud i matr\u00edcula de Pr\u00e0ctiques externes o Pr\u00e0ctiques internes<\/a> dirigido a estudiantes y para el seguimiento de los tutores (m\u00e1ster de Educaci\u00f3n y TIC).<\/p>\n<p><a href=\"https:\/\/www.uoc.edu\/experience\/y\/help\/page\/admin\" target=\"_blank\" rel=\"noopener noreferrer\">Manuales de usuario de la herramienta de gesti\u00f3n de pr\u00e1cticas Xperience<\/a> (requiere datos de acceso).<\/p>\n","protected":false},"excerpt":{"rendered":"<p>Orientaciones y recomendaciones La comisi\u00f3n de pr\u00e1cticas de cada programa trabaja en coordinaci\u00f3n con los diferentes grupos de la universidad (en especial con el GOSPyM) implicados en la solicitud y matr\u00edcula de las asignaturas de Pr\u00e1cticum. Esto supone, como m\u00ednimo: El establecimiento de los mecanismos, frecuencia y espacios de coordinaci\u00f3n presencial o virtual necesarios para [&hellip;]<\/p>\n","protected":false},"author":1,"featured_media":0,"comment_status":"open","ping_status":"open","sticky":false,"template":"","format":"standard","meta":[],"categories":[22,23],"tags":[],"_links":{"self":[{"href":"http:\/\/practicum-epce.recursos.uoc.edu\/es\/wp-json\/wp\/v2\/posts\/486"}],"collection":[{"href":"http:\/\/practicum-epce.recursos.uoc.edu\/es\/wp-json\/wp\/v2\/posts"}],"about":[{"href":"http:\/\/practicum-epce.recursos.uoc.edu\/es\/wp-json\/wp\/v2\/types\/post"}],"author":[{"embeddable":true,"href":"http:\/\/practicum-epce.recursos.uoc.edu\/es\/wp-json\/wp\/v2\/users\/1"}],"replies":[{"embeddable":true,"href":"http:\/\/practicum-epce.recursos.uoc.edu\/es\/wp-json\/wp\/v2\/comments?post=486"}],"version-history":[{"count":15,"href":"http:\/\/practicum-epce.recursos.uoc.edu\/es\/wp-json\/wp\/v2\/posts\/486\/revisions"}],"predecessor-version":[{"id":1300,"href":"http:\/\/practicum-epce.recursos.uoc.edu\/es\/wp-json\/wp\/v2\/posts\/486\/revisions\/1300"}],"wp:attachment":[{"href":"http:\/\/practicum-epce.recursos.uoc.edu\/es\/wp-json\/wp\/v2\/media?parent=486"}],"wp:term":[{"taxonomy":"category","embeddable":true,"href":"http:\/\/practicum-epce.recursos.uoc.edu\/es\/wp-json\/wp\/v2\/categories?post=486"},{"taxonomy":"post_tag","embeddable":true,"href":"http:\/\/practicum-epce.recursos.uoc.edu\/es\/wp-json\/wp\/v2\/tags?post=486"}],"curies":[{"name":"wp","href":"https:\/\/api.w.org\/{rel}","templated":true}]}}