{"id":426,"date":"2019-04-24T13:57:36","date_gmt":"2019-04-24T11:57:36","guid":{"rendered":"http:\/\/practicum-epce.recursos.uoc.edu\/?p=426"},"modified":"2019-07-11T20:14:23","modified_gmt":"2019-07-11T18:14:23","slug":"principio-09","status":"publish","type":"post","link":"http:\/\/practicum-epce.recursos.uoc.edu\/es\/principio-09\/","title":{"rendered":"Principio 9"},"content":{"rendered":"<div class=\"featured featured-blue\"><p><strong>Principio\u00a0 de calidad 9<\/strong>. El Pr\u00e1cticum sigue un <strong>modelo de evaluaci\u00f3n continua<\/strong> que se basa en la superaci\u00f3n de una serie de actividades o fases de trabajo de car\u00e1cter acad\u00e9mico y, en el supuesto de que integre pr\u00e1cticas externas, tambi\u00e9n de su superaci\u00f3n en un centro, seg\u00fan establezca el proyecto formativo.<\/p>\n<\/div>\n<h2><strong>Orientaciones y recomendaciones<\/strong><\/h2>\n<p>Una parte fundamental del dise\u00f1o de las asignaturas del Pr\u00e1cticum implica decidir qu\u00e9 actividades de evaluaci\u00f3n continua se prev\u00e9n.<\/p>\n<p>En el caso de las pr\u00e1cticas externas, tambi\u00e9n se debe decidir de qu\u00e9 manera se articulan aquellas desarrolladas en el aula virtual con aquellas otras realizadas en el centro de pr\u00e1cticas. Estas actividades de evaluaci\u00f3n continua, con sus criterios de evaluaci\u00f3n correspondientes, tienen que quedar recogidas en el proyecto formativo y en el plan de trabajo individualizado de cada estudiante.<\/p>\n<p>El modelo de evaluaci\u00f3n continua del Pr\u00e1cticum implica focalizarse en las competencias profesionales que debe desarrollar el estudiante. En este sentido, es necesario el uso de metodolog\u00edas e instrumentos de evaluaci\u00f3n que faciliten el seguimiento y la evaluaci\u00f3n del aprendizaje por competencias y del aprendizaje reflexivo.<\/p>\n<p>Instrumentos, como por ejemplo el diario de pr\u00e1cticas o el portafolios, permiten poner de manifiesto las competencias movilizadas por el estudiante, recoger las evidencias que muestran su grado de logro y, a la vez, activar un proceso metacognitivo sobre el proceso de aprendizaje por parte del propio estudiante. En este sentido, en las pr\u00e1cticas externas es recomendable planificar peri\u00f3dicamente momentos de reflexi\u00f3n a partir de la pr\u00e1ctica con el tutor de centro, y que el estudiante lo recoja en la memoria o diario de pr\u00e1cticas.<\/p>\n<p>En el caso de las pr\u00e1cticas externas, hay que establecer y explicitar en el plan docente el peso proporcional que tiene la evaluaci\u00f3n de las pr\u00e1cticas en el centro, por parte del tutor de centro, en la calificaci\u00f3n final de la asignatura. En este sentido, tambi\u00e9n se debe prever mediante qu\u00e9 instrumentos y en qu\u00e9 momentos espec\u00edficos el tutor de centro evaluar\u00e1 la actividad del estudiante.<\/p>\n<p>El seguimiento continuo del trabajo del estudiante, por parte de las figuras docentes de referencia, impl\u00edcito en este modelo de evaluaci\u00f3n continua, hace inviable ciertas opciones, como por ejemplo la posibilidad de compactar las horas de pr\u00e1cticas en un momento espec\u00edfico del semestre o la organizaci\u00f3n de las pr\u00e1cticas fuera del periodo lectivo, etc.<\/p>\n<p>Finalmente, se deben prever itinerarios de recuperaci\u00f3n que permitan al estudiante seguir la evaluaci\u00f3n continua cuando no se ha llegado a los m\u00ednimos exigidos. Estos itinerarios deben estar explicitados en el plan docente del Pr\u00e1cticum.<\/p>\n<h2><strong>Preguntas gu\u00eda<\/strong><\/h2>\n<ol>\n<li>\u00bfQu\u00e9 actividades de evaluaci\u00f3n continua se plantean para evaluar los aprendizajes y desarrollo competencial de los estudiantes?<\/li>\n<li>\u00bfQu\u00e9 criterios, procedimientos e instrumentos permiten una evaluaci\u00f3n continua y formativa de la actividad en el aula virtual y en el centro de pr\u00e1cticas?<\/li>\n<\/ol>\n<h2><strong>Recursos<\/strong><\/h2>\n<p><a href=\"\/wp-content\/uploads\/2019\/05\/Instruments_models_informes_avaluacio_practiques_Grau_Psicologia.pdf\" target=\"_blank\" rel=\"noopener noreferrer\">Instrumentos y modelos de informes de evaluaci\u00f3n de pr\u00e1cticas (grado de Educaci\u00f3n social, grado de Psicolog\u00eda)<\/a>.<\/p>\n<p>Modelo de evaluaci\u00f3n del Pr\u00e1cticum (plan docente grado de Educaci\u00f3n social y m\u00e1ster de Dificultades de aprendizaje y trastornos del lenguaje):<\/p>\n<ul>\n<li><a href=\"\/wp-content\/uploads\/2019\/05\/Exemple_model_avalaucio_PlaDocent-PracticumIII_EDUCACIO_SOCIAL__2018-19-1.pdf\" target=\"_blank\" rel=\"noopener noreferrer\">Pr\u00e0cticum III RAEP<\/a>.<\/li>\n<li><a href=\"\/wp-content\/uploads\/2019\/05\/Exemple_model_avaluacio_PlanDocente-PracticumII_EDUCACIO_SOCIAL_2018-19-1.pdf\" target=\"_blank\" rel=\"noopener noreferrer\">Pr\u00e0cticum II (\u00c1rea-Conocimiento de una instituci\u00f3n)<\/a>.<\/li>\n<li><a href=\"\/wp-content\/uploads\/2019\/05\/Pla-docent_M4620.pdf\" target=\"_blank\" rel=\"noopener noreferrer\">Pr\u00e0cticum professionalitzador<\/a>.<\/li>\n<\/ul>\n<p>Enunciados de actividades de aprendizaje del Pr\u00e1cticum (m\u00e1ster de Psicopedagog\u00eda y m\u00e1ster de Dificultades de aprendizaje y trastornos del lenguaje):<\/p>\n<p><strong>1. <\/strong>PACS m\u00e1ster en Dificultades de aprendizaje y trastornos del lenguaje:<\/p>\n<ul>\n<li><a href=\"\/wp-content\/uploads\/2019\/05\/M4620-20181-1008115-pac1_AnalisiDelContextIDelPerfil_rolProfessionalIPropostaD_intervencio1.pdf\" target=\"_blank\" rel=\"noopener noreferrer\">PAC 1. Pr\u00e0cticum professionalitzador aula 1<\/a>.<\/li>\n<li><a href=\"\/wp-content\/uploads\/2019\/05\/Annex_1_Fitxa_dades_2018_19_1.pdf\" target=\"_blank\" rel=\"noopener noreferrer\">PAC 1. Annex 1. Fitxa dades<\/a>.<\/li>\n<li><a href=\"\/wp-content\/uploads\/2019\/05\/Annex_2_Guia_informe_PAC1_PartI_i_PartII_2018_19_1.pdf\" target=\"_blank\" rel=\"noopener noreferrer\">PAC 1. Annex 2. Gui\u00f3 de l\u2019informe PAC1. Part I i part II<\/a>.<\/li>\n<li><a href=\"\/wp-content\/uploads\/2019\/05\/Annex_4_Exemples_cronogrames.pdf\" target=\"_blank\" rel=\"noopener noreferrer\">PAC 1. Exemples de cronograma<\/a>.<\/li>\n<li><a href=\"\/wp-content\/uploads\/2019\/05\/M4620-20181-1008116-pac2_ElDiariDePractiques2.pdf\" target=\"_blank\" rel=\"noopener noreferrer\">PAC 2. Pr\u00e0cticum professionalitzador aula 1<\/a>.<\/li>\n<li><a href=\"\/wp-content\/uploads\/2019\/05\/Annex3_Aprendizaje_Experiencial.pdf\" target=\"_blank\" rel=\"noopener noreferrer\">PAC 2. Aprendizaje experiencial<\/a>.<\/li>\n<li><a href=\"\/wp-content\/uploads\/2019\/05\/Annex4_LaPracticaReflexiva.pdf\" target=\"_blank\" rel=\"noopener noreferrer\">PAC 2. La pr\u00e1ctica reflexiva<\/a>.<\/li>\n<li><a href=\"\/wp-content\/uploads\/2019\/05\/Annex5_InstrumentRAR.pdf\" target=\"_blank\" rel=\"noopener noreferrer\">PAC 2. R.A.R. (registre d\u2019aprenentatge reflexiu)<\/a>.<\/li>\n<li><a href=\"\/wp-content\/uploads\/2019\/07\/Copy_of_Annex_6_Model_ATOM.pdf\" target=\"_blank\" rel=\"noopener noreferrer\">PAC 2. Model \u00e0tom<\/a>.<\/li>\n<\/ul>\n<p><strong>2.<\/strong> PACS grado de Psicopedagog\u00eda:<\/p>\n<ul>\n<li><a href=\"\/wp-content\/uploads\/2019\/07\/PEC_1_Diario_de_Practicas_MU_Psicopedagogia.pdf\" target=\"_blank\" rel=\"noopener noreferrer\">PAC 1. Diario de pr\u00e1cticas<\/a>.<\/li>\n<li><a href=\"\/wp-content\/uploads\/2019\/07\/PEC2_MU_Psicopedagogia_.pdf\" target=\"_blank\" rel=\"noopener noreferrer\">PAC 2. Detecci\u00f3n y an\u00e1lisis de necesidades<\/a>.<\/li>\n<li><a href=\"\/wp-content\/uploads\/2019\/07\/PEC3_MU_Psicopedagogia-.pdf\" target=\"_blank\" rel=\"noopener noreferrer\">PAC 3. Dise\u00f1o del proyecto de intervenci\u00f3n<\/a>.<\/li>\n<li><a href=\"\/wp-content\/uploads\/2019\/07\/PEC4-Implementacioevaluacion_MU_Psicopedagogia.pdf\" target=\"_blank\" rel=\"noopener noreferrer\">PAC 4. Implementaci\u00f3n y evaluaci\u00f3n del proyecto de intervenci\u00f3n<\/a>.<\/li>\n<li><a href=\"\/wp-content\/uploads\/2019\/07\/PEC5_Informe_final_MU_Psicopedagogia.pdf\" target=\"_blank\" rel=\"noopener noreferrer\">PAC 5. Informe final<\/a>.<\/li>\n<\/ul>\n","protected":false},"excerpt":{"rendered":"<p>Orientaciones y recomendaciones Una parte fundamental del dise\u00f1o de las asignaturas del Pr\u00e1cticum implica decidir qu\u00e9 actividades de evaluaci\u00f3n continua se prev\u00e9n. En el caso de las pr\u00e1cticas externas, tambi\u00e9n se debe decidir de qu\u00e9 manera se articulan aquellas desarrolladas en el aula virtual con aquellas otras realizadas en el centro de pr\u00e1cticas. Estas actividades [&hellip;]<\/p>\n","protected":false},"author":1,"featured_media":0,"comment_status":"open","ping_status":"open","sticky":false,"template":"","format":"standard","meta":[],"categories":[20],"tags":[],"_links":{"self":[{"href":"http:\/\/practicum-epce.recursos.uoc.edu\/es\/wp-json\/wp\/v2\/posts\/426"}],"collection":[{"href":"http:\/\/practicum-epce.recursos.uoc.edu\/es\/wp-json\/wp\/v2\/posts"}],"about":[{"href":"http:\/\/practicum-epce.recursos.uoc.edu\/es\/wp-json\/wp\/v2\/types\/post"}],"author":[{"embeddable":true,"href":"http:\/\/practicum-epce.recursos.uoc.edu\/es\/wp-json\/wp\/v2\/users\/1"}],"replies":[{"embeddable":true,"href":"http:\/\/practicum-epce.recursos.uoc.edu\/es\/wp-json\/wp\/v2\/comments?post=426"}],"version-history":[{"count":11,"href":"http:\/\/practicum-epce.recursos.uoc.edu\/es\/wp-json\/wp\/v2\/posts\/426\/revisions"}],"predecessor-version":[{"id":1250,"href":"http:\/\/practicum-epce.recursos.uoc.edu\/es\/wp-json\/wp\/v2\/posts\/426\/revisions\/1250"}],"wp:attachment":[{"href":"http:\/\/practicum-epce.recursos.uoc.edu\/es\/wp-json\/wp\/v2\/media?parent=426"}],"wp:term":[{"taxonomy":"category","embeddable":true,"href":"http:\/\/practicum-epce.recursos.uoc.edu\/es\/wp-json\/wp\/v2\/categories?post=426"},{"taxonomy":"post_tag","embeddable":true,"href":"http:\/\/practicum-epce.recursos.uoc.edu\/es\/wp-json\/wp\/v2\/tags?post=426"}],"curies":[{"name":"wp","href":"https:\/\/api.w.org\/{rel}","templated":true}]}}