{"id":421,"date":"2019-04-24T13:36:49","date_gmt":"2019-04-24T11:36:49","guid":{"rendered":"http:\/\/practicum-epce.recursos.uoc.edu\/?p=421"},"modified":"2019-07-11T19:56:30","modified_gmt":"2019-07-11T17:56:30","slug":"principio-07","status":"publish","type":"post","link":"http:\/\/practicum-epce.recursos.uoc.edu\/es\/principio-07\/","title":{"rendered":"Principio 7"},"content":{"rendered":"<div class=\"featured featured-blue\"><p><strong>Principio\u00a0 de calidad 7<\/strong>. El Pr\u00e1cticum tiene una vertiente acad\u00e9mica que se basa en la <strong>reflexi\u00f3n a partir de la pr\u00e1ctica<\/strong> y potencia el <strong>posicionamiento profesional \u00e9tico, cr\u00edtico y fundamentado<\/strong> de los estudiantes ante la experiencia.<\/p>\n<\/div>\n<h2><strong>Orientaciones y recomendaciones<\/strong><\/h2>\n<p>Las actividades propuestas a los estudiantes deben incorporar una actividad sistem\u00e1tica de reflexi\u00f3n sobre la acci\u00f3n, que permita al estudiante tomar conciencia de sus fortalezas y los puntos a mejorar, adem\u00e1s de construir su posicionamiento \u00e9tico o deontol\u00f3gico en la actividad profesional. Esto implica un compromiso del estudiante para mejorar sus habilidades personales y profesionales, y tambi\u00e9n mantener una actitud de reflexi\u00f3n cr\u00edtica y fundamentada ante la propia actuaci\u00f3n en el contexto de pr\u00e1cticas. En este sentido, es recomendable tener en cuenta la competencia transversal de compromiso \u00e9tico en el perfil competencial del Pr\u00e1cticum, con el fin de asegurar que se trabaja y se eval\u00faa de manera sistem\u00e1tica.<\/p>\n<p>Actividades e instrumentos, como por ejemplo la elaboraci\u00f3n de un diario de pr\u00e1cticas, promueven esta elaboraci\u00f3n te\u00f3rica a partir de la reflexi\u00f3n \u00aben la pr\u00e1ctica\u00bb y \u00abdesde la pr\u00e1ctica\u00bb. Las reflexiones que se aportan al diario responden a las diferentes fases del proceso de pr\u00e1cticas. Es conveniente ofrecer a los estudiantes algunas preguntas para guiar el proceso reflexivo. Estas pueden estar relacionadas, por ejemplo, con el contexto social, con el \u00e1rea de conocimiento o con las propias competencias profesionales.<\/p>\n<h2><strong>Preguntas gu\u00eda<\/strong><\/h2>\n<ol>\n<li>\u00bfQu\u00e9 tipo de actividades y recursos permiten un aprendizaje basado en la reflexi\u00f3n sobre la pr\u00e1ctica que potencie el posicionamiento profesional cr\u00edtico y fundamentado de los estudiantes?<\/li>\n<li>\u00bfQu\u00e9 actividades e indicadores espec\u00edficos permiten trabajar y evaluar la competencia de compromiso \u00e9tico del estudiante?<\/li>\n<\/ol>\n<h2><strong>Recursos<\/strong><\/h2>\n<p>Instrumentos para la aplicaci\u00f3n de la pr\u00e1ctica reflexiva (m\u00e1ster de Dificultades de aprendizaje y trastornos del lenguaje):<\/p>\n<ul>\n<li><a href=\"\/wp-content\/uploads\/2019\/05\/Annex3_Aprendizaje_Experiencial.pdf\" target=\"_blank\" rel=\"noopener noreferrer\">Aprendizaje experiencial<\/a>.<\/li>\n<li><a href=\"\/wp-content\/uploads\/2019\/05\/Annex4_LaPracticaReflexiva.pdf\" target=\"_blank\" rel=\"noopener noreferrer\">La pr\u00e1ctica reflexiva<\/a>.<\/li>\n<li><a href=\"\/wp-content\/uploads\/2019\/05\/Annex5_InstrumentRAR.pdf\" target=\"_blank\" rel=\"noopener noreferrer\">R.A.R. (registre d\u2019aprenentatge reflexiu)<\/a>.<\/li>\n<li><a href=\"\/wp-content\/uploads\/2019\/05\/Annex6_ModelATOM.pdf\" target=\"_blank\" rel=\"noopener noreferrer\">Model \u00e0tom<\/a>.<\/li>\n<li><a href=\"\/wp-content\/uploads\/2019\/05\/M4620-20181-1008116-pac2_ElDiariDePractiques2.pdf\" target=\"_blank\" rel=\"noopener noreferrer\">Pr\u00e0cticum professionalitzador aula 1<\/a>.<\/li>\n<\/ul>\n<p>Material del treball basat en la pr\u00e0ctica reflexiva i exemples de diari de camp reflexiu (grau d\u2019Educaci\u00f3 Social):<\/p>\n<ul>\n<li><a href=\"\/wp-content\/uploads\/2019\/05\/Escenas_de_educacion_social_2014.pdf\" target=\"_blank\" rel=\"noopener noreferrer\">Escenas de educaci\u00f3n social<\/a>.<\/li>\n<li><a href=\"\/wp-content\/uploads\/2019\/05\/PAC3_PRACTICUMIII_MemoriaPract_2018-19-1.pdf\" target=\"_blank\" rel=\"noopener noreferrer\">PAC 3.\u00a0 Pr\u00e0cticum III (An\u00e0lisi de la pr\u00e0ctica de l\u2019educador\/a social)<\/a>.<\/li>\n<li><a href=\"\/wp-content\/uploads\/2019\/05\/PEC1_PracticumII_Eduso_2018-19-1.pdf\" target=\"_blank\" rel=\"noopener noreferrer\">Pr\u00e0cticum II: Conocimiento de una instituci\u00f3n. PEC 1: Seminario de pr\u00e1cticas<\/a>.<\/li>\n<\/ul>\n<p>Material de treball en l\u2019\u00e0mbit de la intervenci\u00f3 social i comunit\u00e0ria basat en la pr\u00e0ctica reflexiva (grau de Psicologia):<\/p>\n<ul>\n<li><a href=\"\/wp-content\/uploads\/2019\/05\/IntervSocialPsicoPorquedecimosquenopodemoshacerintervencionsocial.pdf\" target=\"_blank\" rel=\"noopener noreferrer\">\u00bfPor qu\u00e9 decimos que \u00abno podemos hacer intervenci\u00f3n social\u00bb?<\/a><\/li>\n<li><a href=\"\/wp-content\/uploads\/2019\/05\/IntervSocialPsico_Introduccioalametodologiadelaintervenciocomunitaria.pdf\" target=\"_blank\" rel=\"noopener noreferrer\">Introducci\u00f3 a la metodologia de la intervenci\u00f3 comunit\u00e0ria<\/a>.<\/li>\n<\/ul>\n<p><a href=\"\/wp-content\/uploads\/2019\/05\/Definicio_competencia_compromis_etic_UOC.pdf\" target=\"_blank\" rel=\"noopener noreferrer\">Definici\u00f3 de la compet\u00e8ncia de comprom\u00eds \u00e8tic i global de la UOC<\/a>.<\/p>\n","protected":false},"excerpt":{"rendered":"<p>Orientaciones y recomendaciones Las actividades propuestas a los estudiantes deben incorporar una actividad sistem\u00e1tica de reflexi\u00f3n sobre la acci\u00f3n, que permita al estudiante tomar conciencia de sus fortalezas y los puntos a mejorar, adem\u00e1s de construir su posicionamiento \u00e9tico o deontol\u00f3gico en la actividad profesional. Esto implica un compromiso del estudiante para mejorar sus habilidades [&hellip;]<\/p>\n","protected":false},"author":1,"featured_media":0,"comment_status":"open","ping_status":"open","sticky":false,"template":"","format":"standard","meta":[],"categories":[18,24],"tags":[],"_links":{"self":[{"href":"http:\/\/practicum-epce.recursos.uoc.edu\/es\/wp-json\/wp\/v2\/posts\/421"}],"collection":[{"href":"http:\/\/practicum-epce.recursos.uoc.edu\/es\/wp-json\/wp\/v2\/posts"}],"about":[{"href":"http:\/\/practicum-epce.recursos.uoc.edu\/es\/wp-json\/wp\/v2\/types\/post"}],"author":[{"embeddable":true,"href":"http:\/\/practicum-epce.recursos.uoc.edu\/es\/wp-json\/wp\/v2\/users\/1"}],"replies":[{"embeddable":true,"href":"http:\/\/practicum-epce.recursos.uoc.edu\/es\/wp-json\/wp\/v2\/comments?post=421"}],"version-history":[{"count":9,"href":"http:\/\/practicum-epce.recursos.uoc.edu\/es\/wp-json\/wp\/v2\/posts\/421\/revisions"}],"predecessor-version":[{"id":1246,"href":"http:\/\/practicum-epce.recursos.uoc.edu\/es\/wp-json\/wp\/v2\/posts\/421\/revisions\/1246"}],"wp:attachment":[{"href":"http:\/\/practicum-epce.recursos.uoc.edu\/es\/wp-json\/wp\/v2\/media?parent=421"}],"wp:term":[{"taxonomy":"category","embeddable":true,"href":"http:\/\/practicum-epce.recursos.uoc.edu\/es\/wp-json\/wp\/v2\/categories?post=421"},{"taxonomy":"post_tag","embeddable":true,"href":"http:\/\/practicum-epce.recursos.uoc.edu\/es\/wp-json\/wp\/v2\/tags?post=421"}],"curies":[{"name":"wp","href":"https:\/\/api.w.org\/{rel}","templated":true}]}}