{"id":410,"date":"2019-04-24T13:17:08","date_gmt":"2019-04-24T11:17:08","guid":{"rendered":"http:\/\/practicum-epce.recursos.uoc.edu\/?p=410"},"modified":"2019-07-11T20:13:45","modified_gmt":"2019-07-11T18:13:45","slug":"principio-06","status":"publish","type":"post","link":"http:\/\/practicum-epce.recursos.uoc.edu\/es\/principio-06\/","title":{"rendered":"Principio 6"},"content":{"rendered":"<div class=\"featured featured-blue\"><p><strong>Principio\u00a0 de calidad 6<\/strong>. La experiencia de <strong>pr\u00e1cticas externas se articula mediante el plan de trabajo individualizado acordado<\/strong> con el tutor de centro, con la actividad en el aula virtual de la UOC, mediante una serie de <strong>actividades de aprendizaje<\/strong>, con el fin de integrar y dar sentido a los contenidos y procedimientos trabajados a lo largo de la titulaci\u00f3n.<\/p>\n<\/div>\n<h2><strong>Orientaciones y recomendaciones<\/strong><\/h2>\n<p>En el caso de las pr\u00e1cticas externas, el equipo docente del Pr\u00e1cticum concreta, en forma de actividades de aprendizaje o evaluaci\u00f3n, el plan de trabajo individualizado que debe desarrollar el estudiante.<\/p>\n<p>Este plan de trabajo debe contener actividades en el centro de pr\u00e1cticas y tambi\u00e9n en el aula virtual. Para asegurar la interrelaci\u00f3n de los dos procesos de trabajo, en el aula virtual y en el centro de pr\u00e1cticas, las actividades de aprendizaje propuestas deben combinar la vertiente acad\u00e9mica y profesional.<\/p>\n<p>En este sentido, se debe garantizar, dentro de lo posible, el conocimiento de la propuesta formativa global (proyecto formativo) por parte de todas las figuras implicadas. El contacto inicial con el tutor de centro puede ser un momento id\u00f3neo para compartir la gu\u00eda y, si es necesario, el plan docente del Pr\u00e1cticum. En este contacto, es importante intentar encontrar puntos de encuentro y retroalimentaci\u00f3n entre las actividades de aprendizaje en el aula y las tareas que deber\u00e1 desarrollar el estudiante en el centro de pr\u00e1cticas, siempre desde la perspectiva de la reflexi\u00f3n a partir de la pr\u00e1ctica.<\/p>\n<h2><strong>Preguntas gu\u00eda<\/strong><\/h2>\n<ol>\n<li>\u00bfC\u00f3mo se interrelaciona la actividad en el centro de pr\u00e1cticas con la actividad en el aula virtual mediante las actividades de aprendizaje planteadas?<\/li>\n<li>\u00bfEn qu\u00e9 momento y de qu\u00e9 manera se comparte con el tutor de centro la propuesta formativa global del Pr\u00e1cticum, en la que se basar\u00e1 el plan de trabajo individualizado del estudiante?<\/li>\n<\/ol>\n<h2><strong>Recursos<\/strong><\/h2>\n<p>&nbsp;<\/p>\n<p>Gu\u00edas del Pr\u00e1cticum dirigidas a los estudiantes (grado de Educaci\u00f3n social, m\u00e1ster de Psicopedagog\u00eda, m\u00e1ster de Educaci\u00f3n y TIC):<\/p>\n<ul>\n<li><a href=\"\/wp-content\/uploads\/2019\/07\/Guia_Practicum_MU_Psicopedagogia_2018_1-CAST.pdf\" target=\"_blank\" rel=\"noopener noreferrer\">Gu\u00eda del Pr\u00e1cticum (m\u00e1ster de Psicopedagog\u00eda)<\/a>.<\/li>\n<li><a href=\"\/wp-content\/uploads\/2019\/05\/guia_assignatura_Practiques-Externes_MUETIC_CAT_20182.pdf\" target=\"_blank\" rel=\"noopener noreferrer\">Pr\u00e0ctiques externes. Guia de l\u2019assignatura<\/a>.<\/li>\n<li><a href=\"\/wp-content\/uploads\/2019\/05\/Guia_Docent_Practicum_2018-19-1_EDUCACIO_SOCIAL.pdf\" target=\"_blank\" rel=\"noopener noreferrer\">Guia docent del Pr\u00e0cticum (grau d\u2019Educaci\u00f3 social)<\/a>.<\/li>\n<li><a href=\"\/wp-content\/uploads\/2019\/05\/Guia_Practicum_Estudiants_Grau_CAT_20182.pdf\" target=\"_blank\" rel=\"noopener noreferrer\">Guia de Pr\u00e0cticum del grau de Psicologia<\/a>.<\/li>\n<li><a href=\"\/wp-content\/uploads\/2019\/05\/guia_treball_Practiques-internes_MUETIC_feb2019_CAT.pdf\" target=\"_blank\" rel=\"noopener noreferrer\">Pr\u00e0ctiques internes. Guia de treball<\/a>.<\/li>\n<\/ul>\n<p>Planes docentes de asignaturas de Pr\u00e1cticum (grado de Educaci\u00f3n social, grado de Psicolog\u00eda, m\u00e1ster de Psicopedagog\u00eda y m\u00e1ster de Dificultades de aprendizaje y trastornos del lenguaje):<\/p>\n<ul>\n<li><a href=\"\/wp-content\/uploads\/2019\/05\/Pla_docent_M4620.pdf\" target=\"_blank\" rel=\"noopener noreferrer\">Pr\u00e0cticum professionalitzador<\/a>.<\/li>\n<li><a href=\"\/wp-content\/uploads\/2019\/07\/Plan_docente_MU_Psicopedagogia_Practicum.pdf\" target=\"_blank\" rel=\"noopener noreferrer\">PRC \u00c1mbito mejora de la pr\u00e1ctica educativa (formal)<\/a>.<\/li>\n<li><a href=\"\/wp-content\/uploads\/2019\/07\/Pla_Docent_Psico_clinica_PRCI.pdf\" target=\"_blank\" rel=\"noopener noreferrer\">PRC1-Psicolog\u00eda cl\u00ednica y de la salud<\/a>.<\/li>\n<li><a href=\"\/wp-content\/uploads\/2019\/05\/Pla_Docent_Psico_clinica_PRCII.pdf\" target=\"_blank\" rel=\"noopener noreferrer\">PRC2-Psicologia cl\u00ednica i de la salut<\/a>.<\/li>\n<li><a href=\"\/wp-content\/uploads\/2019\/05\/Pla_Docent_Psico_clinica_PRCII.pdf\" target=\"_blank\" rel=\"noopener noreferrer\">PRC2-Psicologia de l\u2019educaci\u00f3<\/a>.<\/li>\n<li><a href=\"\/wp-content\/uploads\/2019\/05\/Pla_Docent_Psico_interv_social_PRCI.pdf\" target=\"_blank\" rel=\"noopener noreferrer\">PRC1-Psicologia de la intervenci\u00f3 social<\/a>.<\/li>\n<li><a href=\"\/wp-content\/uploads\/2019\/05\/Pla_Docent_Psico_interv_social_PRCII.pdf\" target=\"_blank\" rel=\"noopener noreferrer\">PRC2-Psicologia de la intervenci\u00f3 social<\/a>.<\/li>\n<li><a href=\"\/wp-content\/uploads\/2019\/05\/Pla_Docent_Psico_Recerca_Estres_PRCI.pdf\" target=\"_blank\" rel=\"noopener noreferrer\">PRC1-Recerca. L\u2019estr\u00e8s en el treball<\/a>.<\/li>\n<li><a href=\"\/wp-content\/uploads\/2019\/05\/Pla_Docent_Psico_Recerca_Estres_PRCII.pdf\" target=\"_blank\" rel=\"noopener noreferrer\">PRC2-Recerca. L\u2019estr\u00e8s en el treball<\/a>.<\/li>\n<li><a href=\"\/wp-content\/uploads\/2019\/05\/Pla_Docent_Psico_Recerca_Neuro_PRCI.pdf\" target=\"_blank\" rel=\"noopener noreferrer\">PRC1-Recerca neuroci\u00e8ncia cognitiva i tecnol. de la inform<\/a>.<\/li>\n<li><a href=\"\/wp-content\/uploads\/2019\/05\/Pla_Docent_Psico_Recerca_Neuro_PRCII.pdf\" target=\"_blank\" rel=\"noopener noreferrer\">PRC2-Recerca neuroci\u00e8ncia cognitiva i tecnol. de la inform<\/a>.<\/li>\n<li><a href=\"\/wp-content\/uploads\/2019\/05\/Pla_Docent_Psico_treball_org_PRCI.pdf\" target=\"_blank\" rel=\"noopener noreferrer\">PRC1-Psicologia del treball i les organitzacions<\/a>.<\/li>\n<li><a href=\"\/wp-content\/uploads\/2019\/05\/Pla_Docent_Psico_treball_org_PRCII.pdf\" target=\"_blank\" rel=\"noopener noreferrer\">PRC2-Psicologia del treball i les organitzacions<\/a>.<\/li>\n<li><a href=\"\/wp-content\/uploads\/2019\/05\/Pla_Docent-Practicum-III_EDUCACIO_SOCIAL__2018-19-1.pdf\" target=\"_blank\" rel=\"noopener noreferrer\">Pr\u00e0cticum III RAEP<\/a>.<\/li>\n<li><a href=\"\/wp-content\/uploads\/2019\/05\/Plan_Docente-Practicum-II_EDUCACIO_SOCIAL_2018-19-1.pdf\" target=\"_blank\" rel=\"noopener noreferrer\">Pr\u00e0cticum II (\u00c1rea-Conocimiento de una instituci\u00f3n)<\/a>.<\/li>\n<\/ul>\n<p>Enunciados de actividades de aprendizaje del Pr\u00e1cticum (grado de Educaci\u00f3n social, m\u00e1ster de Psicopedagog\u00eda, m\u00e1ster de Dificultades de aprendizaje y trastornos del lenguaje):<\/p>\n<p><strong>1.<\/strong> PACS grado de Educaci\u00f3n social:<\/p>\n<ul>\n<li><a href=\"\/wp-content\/uploads\/2019\/05\/PAC_SEMINARI_FERNAND_DELIGNY_Practicum-III_Eduso-1.pdf\" target=\"_blank\" rel=\"noopener noreferrer\">Seminari Fernand Deigny. Pr\u00e0cticum III RAEP Educaci\u00f3 social.<\/a><\/li>\n<li><a href=\"\/wp-content\/uploads\/2019\/05\/PEC3_Practicum_II_Eduso_2018-19-1.pdf\" target=\"_blank\" rel=\"noopener noreferrer\">PAC 3. El educador y la instituci\u00f3n<\/a>.<\/li>\n<li><a href=\"\/wp-content\/uploads\/2019\/05\/PAC2_PACTICUMIII_RAEP_2018-19-1.pdf\" target=\"_blank\" rel=\"noopener noreferrer\">PAC 2. El llenguatge en l\u2019educaci\u00f3 social. Explorant i repensant el sentit de les paraules en la meva pr\u00e0ctica professional<\/a>.<\/li>\n<li><a href=\"\/wp-content\/uploads\/2019\/05\/PAC4_PRACTICUMIII_RAEP_2018-19-1.pdf\" target=\"_blank\" rel=\"noopener noreferrer\">PAC 4. Cercant el sentit i el dest\u00ed de l\u2019ofici d\u2019educar<\/a>.<\/li>\n<\/ul>\n<p><strong>2. <\/strong>PACS m\u00e1ster de Dificultades de aprendizaje y trastornos del lenguaje:<\/p>\n<ul>\n<li><a href=\"\/wp-content\/uploads\/2019\/05\/M4620-20181-1008115-pac1_AnalisiDelContextIDelPerfil_rolProfessionalIPropostaD_intervencio1.pdf\" target=\"_blank\" rel=\"noopener noreferrer\">PAC 1. Pr\u00e0cticum professionalitzador aula 1<\/a>.<\/li>\n<li><a href=\"\/wp-content\/uploads\/2019\/05\/Annex_1_Fitxa_dades_2018_19_1.pdf\" target=\"_blank\" rel=\"noopener noreferrer\">PAC 1. Annex 1. Fitxa dades<\/a>.<\/li>\n<li><a href=\"\/wp-content\/uploads\/2019\/05\/Annex_2_Guia_informe_PAC1_PartI_i_PartII_2018_19_1.pdf\" target=\"_blank\" rel=\"noopener noreferrer\">PAC 1. Annex 2. Gui\u00f3 de l\u2019informe PAC1. Part I i part II<\/a>.<\/li>\n<li><a href=\"\/wp-content\/uploads\/2019\/05\/Annex_4_Exemples_cronogrames.pdf\" target=\"_blank\" rel=\"noopener noreferrer\">PAC 1. Exemples de cronograma<\/a>.<\/li>\n<li><a href=\"\/wp-content\/uploads\/2019\/05\/M4620-20181-1008116-pac2_ElDiariDePractiques2.pdf\" target=\"_blank\" rel=\"noopener noreferrer\">PAC 2. Pr\u00e0cticum professionalitzador aula 1<\/a>.<\/li>\n<li><a href=\"\/wp-content\/uploads\/2019\/05\/Annex3_Aprendizaje_Experiencial.pdf\" target=\"_blank\" rel=\"noopener noreferrer\">PAC 2. Aprendizaje experiencial<\/a>.<\/li>\n<li><a href=\"\/wp-content\/uploads\/2019\/05\/Annex4_LaPracticaReflexiva.pdf\" target=\"_blank\" rel=\"noopener noreferrer\">PAC 2. La pr\u00e1ctica reflexiva<\/a>.<\/li>\n<li><a href=\"\/wp-content\/uploads\/2019\/05\/Annex5_InstrumentRAR.pdf\" target=\"_blank\" rel=\"noopener noreferrer\">PAC 2. R.A.R. (registre d\u2019aprenentatge reflexiu)<\/a>.<\/li>\n<li><a href=\"\/wp-content\/uploads\/2019\/05\/Annex6_ModelATOM.pdf\" target=\"_blank\" rel=\"noopener noreferrer\">PAC 2. Model \u00e0tom<\/a>.<\/li>\n<li><a href=\"\/wp-content\/uploads\/2019\/05\/M4620-20181-1008118-pac3_MemiriaFinalDelPracticum.pdf\" target=\"_blank\" rel=\"noopener noreferrer\">PAC 3. Pr\u00e0cticum professionalitzador aula 1<\/a>.<\/li>\n<li><a href=\"\/wp-content\/uploads\/2019\/05\/Annex1_GuiatreballMemiria.pdf\" target=\"_blank\" rel=\"noopener noreferrer\">PAC 3. Annex 1. Gui\u00f3 treball mem\u00f2ria<\/a>.<\/li>\n<li><a href=\"\/wp-content\/uploads\/2019\/05\/Annex2_Video_presentacio_Memiria.pdf\" target=\"_blank\" rel=\"noopener noreferrer\">PAC 3. Annex 2. V\u00eddeo presentaci\u00f3 mem\u00f2ria<\/a>.<\/li>\n<\/ul>\n<p><strong>3.<\/strong> PACS m\u00e1ster de Psicopedagog\u00eda:<\/p>\n<ul>\n<li><a href=\"\/wp-content\/uploads\/2019\/07\/PEC_1_Diario_de_Practicas_MU_Psicopedagogia.pdf\" target=\"_blank\" rel=\"noopener noreferrer\">PAC 1. Diario de pr\u00e1cticas<\/a>.<\/li>\n<li><a href=\"\/wp-content\/uploads\/2019\/07\/PEC2_MU_Psicopedagogia_.pdf\" target=\"_blank\" rel=\"noopener noreferrer\">PAC 2. Detecci\u00f3n y an\u00e1lisis de necesidades<\/a>.<\/li>\n<li><a href=\"\/wp-content\/uploads\/2019\/07\/PEC3_MU_Psicopedagogia-.pdf\" target=\"_blank\" rel=\"noopener noreferrer\">PAC 3. Dise\u00f1o del proyecto de intervenci\u00f3n<\/a>.<\/li>\n<li><a href=\"\/wp-content\/uploads\/2019\/07\/PEC4-Implementacioevaluacion_MU_Psicopedagogia.pdf\" target=\"_blank\" rel=\"noopener noreferrer\">PAC 4. Implementaci\u00f3n y evaluaci\u00f3n del proyecto de intervenci\u00f3n<\/a>.<\/li>\n<li><a href=\"\/wp-content\/uploads\/2019\/07\/PEC5_Informe_final_MU_Psicopedagogia.pdf\" target=\"_blank\" rel=\"noopener noreferrer\">PAC 5. Informe final<\/a>.<\/li>\n<\/ul>\n","protected":false},"excerpt":{"rendered":"<p>Orientaciones y recomendaciones En el caso de las pr\u00e1cticas externas, el equipo docente del Pr\u00e1cticum concreta, en forma de actividades de aprendizaje o evaluaci\u00f3n, el plan de trabajo individualizado que debe desarrollar el estudiante. Este plan de trabajo debe contener actividades en el centro de pr\u00e1cticas y tambi\u00e9n en el aula virtual. Para asegurar la [&hellip;]<\/p>\n","protected":false},"author":1,"featured_media":0,"comment_status":"open","ping_status":"open","sticky":false,"template":"","format":"standard","meta":[],"categories":[18],"tags":[],"_links":{"self":[{"href":"http:\/\/practicum-epce.recursos.uoc.edu\/es\/wp-json\/wp\/v2\/posts\/410"}],"collection":[{"href":"http:\/\/practicum-epce.recursos.uoc.edu\/es\/wp-json\/wp\/v2\/posts"}],"about":[{"href":"http:\/\/practicum-epce.recursos.uoc.edu\/es\/wp-json\/wp\/v2\/types\/post"}],"author":[{"embeddable":true,"href":"http:\/\/practicum-epce.recursos.uoc.edu\/es\/wp-json\/wp\/v2\/users\/1"}],"replies":[{"embeddable":true,"href":"http:\/\/practicum-epce.recursos.uoc.edu\/es\/wp-json\/wp\/v2\/comments?post=410"}],"version-history":[{"count":18,"href":"http:\/\/practicum-epce.recursos.uoc.edu\/es\/wp-json\/wp\/v2\/posts\/410\/revisions"}],"predecessor-version":[{"id":1249,"href":"http:\/\/practicum-epce.recursos.uoc.edu\/es\/wp-json\/wp\/v2\/posts\/410\/revisions\/1249"}],"wp:attachment":[{"href":"http:\/\/practicum-epce.recursos.uoc.edu\/es\/wp-json\/wp\/v2\/media?parent=410"}],"wp:term":[{"taxonomy":"category","embeddable":true,"href":"http:\/\/practicum-epce.recursos.uoc.edu\/es\/wp-json\/wp\/v2\/categories?post=410"},{"taxonomy":"post_tag","embeddable":true,"href":"http:\/\/practicum-epce.recursos.uoc.edu\/es\/wp-json\/wp\/v2\/tags?post=410"}],"curies":[{"name":"wp","href":"https:\/\/api.w.org\/{rel}","templated":true}]}}